{"id":346,"date":"2012-09-24T21:31:19","date_gmt":"2012-09-24T21:31:19","guid":{"rendered":"http:\/\/naturopatiaonline.wordpress.com\/?p=346"},"modified":"2018-09-11T18:51:10","modified_gmt":"2018-09-11T16:51:10","slug":"carenze-di-vitamine","status":"publish","type":"post","link":"http:\/\/www.naturopatia-blog.it\/?p=346","title":{"rendered":"Perch\u00e9 abbiamo carenza di vitamine?"},"content":{"rendered":"<h3>Ecco perch\u00e9, nonostante una dieta equilibrata, oggi la carenza di vitamine sono all&#8217;ordine del giorno e dobbiamo assumere integratori vitaminici<\/h3>\n<p><img loading=\"lazy\" class=\"aligncenter wp-image-2868 size-full\" title=\"frutta per la carenza di vitamine\" src=\"http:\/\/www.naturopatia-blog.it\/wordpress\/wp-content\/uploads\/2012\/09\/carenza-di-vitamine.jpg\" alt=\"frutta per la carenza di vitamine\" width=\"750\" height=\"421\" srcset=\"http:\/\/www.naturopatia-blog.it\/wordpress\/wp-content\/uploads\/2012\/09\/carenza-di-vitamine.jpg 750w, http:\/\/www.naturopatia-blog.it\/wordpress\/wp-content\/uploads\/2012\/09\/carenza-di-vitamine-300x168.jpg 300w\" sizes=\"(max-width: 750px) 100vw, 750px\" \/><\/p>\n<p>Nella grande disinformazione oggi esistente circa il cibo e l\u2019<a href=\"http:\/\/www.naturopatia-blog.it\/wordpress\/?cat=3\">alimentazione<\/a> in generale, c\u2019\u00e8 sicuramente un punto sicuro :\u201d<em>il vitto occidentale moderno \u00e8 il migliore che ci sia, \u00e8 nutriente e salutare(!), nessuno ha bisogno di supplementi vitaminici o minerali, a patto che segua una buona dieta<\/em>\u201d. Questa tiritera l\u2019abbiamo sentita per una vita, e questa <em>\u201cbuona dieta<\/em>\u201d non \u00e8 mai meglio specificata.<\/p>\n<h3>La maggior parte dei medici, che non si preoccupano di indagare le abitudini dietetiche dei loro pazienti e l&#8217;eventuale carenza di vitamine, ignorano proprio le funzioni delle vitamine e in generale di tutte quelle sostanze (minerali, grassi essenziali, ecc.) che non dovrebbero mai mancare nella nostra (e nella loro) <a href=\"http:\/\/www.naturopatia-blog.it\/wordpress\/?tag=dieta\">dieta.<\/a><\/h3>\n<p>Ne conosco tanti afflitti essi stessi da varie problematiche salutistiche (sovrappeso, diabete, <a href=\"http:\/\/www.naturopatia-blog.it\/wordpress\/?p=194\">colesterolo alto<\/a>, ipertensione\u2026) irrisolte per loro e, ovviamente, per i loro assistiti. Nonostante questo andazzo, mi sono sempre chiesta come mai, se veramente la nostra dieta pu\u00f2 soddisfare tutti i bisogni dell\u2019uomo moderno, esista una paurosa impennata di malattie croniche.<\/p>\n<p>La mia curiosit\u00e0 per\u00f2, quando ero pi\u00f9 giovane, era legata alla conoscenza dei meccanismi della vecchiaia. Il primo libro che lessi sull&#8217;argomento fu \u201c<a href=\"https:\/\/www.ibs.it\/nuova-prevenzione-attiva-antisenile-libro-carlo-sirtori\/e\/9788885037519\">Prevenzione attiva antisenile<\/a>\u201d di <strong>Carlo Sirtori<\/strong>, compianto direttore della Carlo Erba, quando ancora le <a href=\"http:\/\/www.naturopatia-blog.it\/wordpress\/?p=85\">case farmaceutiche<\/a> avevano un\u2019etica morale non legata solo al profitto degli azionisti. Carlo Sirtori, in quel meraviglioso libro, intu\u00ec che l\u2019uomo muore di ossidazione cellulare che porta all\u2019apoptosi (morte) dei vari apparati dell\u2019organismo fino alla consunzione finale. Gi\u00e0 pi\u00f9 di trent&#8217;anni fa circa, questo medico parlava di <strong>assunzione di antiossidanti per rallentare l\u2019 ossidazione cellulare, responsabile dell\u2019invecchiamento<\/strong>. Inutile dire che, dato che queste sostanze non danno grandi guadagni, il suo pensiero \u00e8 stato annichilito a favore della produzione di farmaci brevettabili che potessero aumentare il valore per gli azionisti.<\/p>\n<p>La mia ricerca per\u00f2 \u00e8 continuata e continua ancora. Nel frattempo assumo regolarmente <strong>multivitaminici e antiossidanti<\/strong> in maniera regolare da circa vent\u2019anni e non me ne sono mai pentita.<\/p>\n<h3><strong>Perch\u00e9 si innesca la carenza di vitamine anche se mangiamo un po\u2019 di tutto?<\/strong><\/h3>\n<p><img loading=\"lazy\" class=\"aligncenter wp-image-2871 size-full\" title=\"carenza di vitamine nella dieta\" src=\"http:\/\/www.naturopatia-blog.it\/wordpress\/wp-content\/uploads\/2012\/09\/carenza-di-vitamine-nella-dieta.jpg\" alt=\"carenza di vitamine nella dieta\" width=\"750\" height=\"500\" srcset=\"http:\/\/www.naturopatia-blog.it\/wordpress\/wp-content\/uploads\/2012\/09\/carenza-di-vitamine-nella-dieta.jpg 750w, http:\/\/www.naturopatia-blog.it\/wordpress\/wp-content\/uploads\/2012\/09\/carenza-di-vitamine-nella-dieta-300x200.jpg 300w\" sizes=\"(max-width: 750px) 100vw, 750px\" \/><\/p>\n<p>Nel 1953, quando ancora non ero nata, un medico ricercatore americano, il <strong>Dr. Morton S. Biskind<\/strong>, pubblic\u00f2 sull\u2019 \u201cAmerican Journal of digestive disease\u201d una valida replica all&#8217;asserzione che \u201d<em>non abbiamo bisogno di supplementi dietetici<\/em>\u201d (le sue argomentazioni sono a tutt&#8217;oggi ancora pi\u00f9 valide se consideriamo le coltivazioni intensive e l\u2019uso di tossici nell\u2019agricoltura e nella produzione industriale dei cibi).<\/p>\n<h3>Il Dr. Biskind affermava che un pregiudizio comune fosse quello di imputare le carenze di vitamine unicamente alla dieta e di ritenere che l\u2019unico sistema per guarire fosse, appunto, \u201c<em>una buona dieta<\/em>\u201d.<\/h3>\n<p>L\u2019affermazione del dr. Biskind circa il concetto erroneo che sia la dieta a fornirci tutti gli elementi necessari, comprende questi sei punti:<\/p>\n<ol>\n<li>L\u2019 impoverimento del suolo coltivato produce raccolti di scadente valore nutritivo ( uno dei motivi di questo impoverimento \u00e8 dovuto ai residui di radiazioni dell\u2019ultima guerra mondiale).<\/li>\n<li>Gli insetticidi tossici, sempre pi\u00f9 diffusi, lasciano sugli alimenti (ma anche all\u2019interno) residui pericolosi e impoveriscono ancor di pi\u00f9 il suolo, uccidendo lombrichi e microrganismi utili alla coltivazione.<\/li>\n<li>La tendenza a raccogliere i prodotti prima ancora della loro maturazione, fa s\u00ec che si eviti il deterioramento, ma fa perdere valore nutritivo essenziale al raccolto.<\/li>\n<li>La crescente tendenza alla raffinazione e alla elaborazione dei cibi, nonch\u00e9 il trattamento con cere, coloranti, detergenti, emulsioni, decoloranti, crea del cibo povero di nutrienti ed anche tossico.<\/li>\n<li>L\u2019uso dello zucchero raffinato e delle <a href=\"http:\/\/naturopatiaonline.wordpress.com\/2012\/09\/19\/farine-raffinate-quanto-sono-tossiche\/\">farine raffinate<\/a> (privi di vitamine) contenuti in gran parte dei prodotti da forno e che rappresenta, in alcune zone, circa un quarto dell\u2019apporto calorico medio.<\/li>\n<li>L\u2019uso di svariati additivi chimici , come grassi artificiali e simili, che sono ovviamente tossici e molti dei quali sostituiscono elementi nutritivi essenziali.<\/li>\n<\/ol>\n<p>Il fatto, per esempio, di consumare circa 40-50 kg di zucchero pro capite all&#8217;anno, indica che solo cos\u00ec si creano i presupposti per una <strong>carenza di vitamine<\/strong> del gruppo B, circa 0, 25 mg di tiamina e\u00a0di riboflavina (B1 e B2), al giorno. Questo comporta una carenza di circa 90 mg in un anno e dieci volte di pi\u00f9 per la niacina (vit. B3). Quanto a coloro che si astengono dall&#8217;usare zucchero nel caff\u00e8,\u00a0il dr. Biskind afferma che si sbagliano: il saccarosio, infatti, \u00e8, ieri come oggi, incorporato in un gran numero di prodotti industriali compresi i succhi di frutta che diamo anche ai bambini!\u00a0Persino molte tipologie di pane contengono saccarosio. Per quelli, poi, che usano i dolcificanti a base di aspartame, questo viene convertito dal fegato in formaldeide, un vero e proprio veleno con nefaste conseguenze.<\/p>\n<h3>Il dott. Biskind, inoltre, afferma che, quando gli \u201cesperti\u201d parlano di nutrizione sono inclini a citare carenze di una specifica vitamina. Ci\u00f2 \u00e8 completamente errato, egli dice, poich\u00e9 un&#8217; eventualit\u00e0 del genere non si verifica MAI. Quando c\u2019\u00e8 una carenza specifica, si verifica una dispersione a catena di molti altri elementi nutritivi che vengono perduti dalle riserve dell\u2019organismo, cos\u00ec che lo stato patologico che viene a verificarsi implica la perdita di quella vitamina specifica ma anche di tutte quelle legate alla carenza in oggetto (anche vitamine ancora sconosciute).<\/h3>\n<h3><strong>Le altre cause di carenza di vitamine<\/strong><\/h3>\n<p><img loading=\"lazy\" class=\"aligncenter wp-image-2872 size-full\" title=\"Cause della carenza di vitamine\" src=\"http:\/\/www.naturopatia-blog.it\/wordpress\/wp-content\/uploads\/2012\/09\/cause-carenza-di-vitamine.jpg\" alt=\"Cause della carenza di vitamine\" width=\"750\" height=\"500\" srcset=\"http:\/\/www.naturopatia-blog.it\/wordpress\/wp-content\/uploads\/2012\/09\/cause-carenza-di-vitamine.jpg 750w, http:\/\/www.naturopatia-blog.it\/wordpress\/wp-content\/uploads\/2012\/09\/cause-carenza-di-vitamine-300x200.jpg 300w\" sizes=\"(max-width: 750px) 100vw, 750px\" \/><\/p>\n<p>Anche se una persona dovesse assumere tutti i nutrienti necessari, tutti giorni nella propria dieta,\u00a0sarebbe sempre possibile una <strong>carenza di vitamine<\/strong>.<\/p>\n<p>Esistono, infatti, molti casi di patologie e circostanze che possono determinare una <strong>perdita di <a href=\"http:\/\/www.naturopatia-blog.it\/tag\/vitamine\/\">vitamine<\/a>, o un aumentato fabbisogno<\/strong>. Ad esempio, qualunque problema di disbiosi o difficolt\u00e0 dell\u2019apparato digerente pu\u00f2 pregiudicare l\u2019assorbimento di vitamine (disturbi epatici, della cistifellea, diarrea, ecc).<\/p>\n<p>La gravidanza e l\u2019allattamento <strong>aumentano il fabbisogno vitaminico<\/strong>, come pure l\u2019ipertiroidismo, la super attivit\u00e0 fisica, le infezioni, l\u2019uso di farmaci quali antibiotici, sulfamidici, statine, antipertensivi, sostanze tossiche industriali, inalazione di veleni come il piombo o altri metalli, le polveri sottili presenti nell\u2019 atmosfera inquinata, residui di insetticidi delle disinfestazioni, ecc. Questi sono tutti fattori che determinano la distruzione della vitamine. Anche i disturbi emotivi, se prolungati, possono determinare gravi carenze nutritive! Per non parlare di fumo e alcool il cui uso inibisce una gran quantit\u00e0 di vitamine in tutti gli apparati, ma soprattutto nel fegato e nei polmoni.<\/p>\n<p>Questo ed altro affermava il dr. Biskind gi\u00e0 nel 1953, quando la situazione non era grave come adesso, e questo hanno affermato grandi ricercatori come il farmacologo dell\u2019Universit\u00e0 del Texas\u00a0Roger Williams, o l\u2019eminente scienziato due volte premio Nobel, <a href=\"http:\/\/it.wikipedia.org\/wiki\/Linus_Pauling\"><strong>Linus Pauling<\/strong><\/a>.<\/p>\n<h3>Questi ed altri ricercatori hanno notato che, una volta che si sono instaurate delle carenze di vitamine in un tessuto, \u00e8 indispensabile, per compensarle, assumere un quantitativo maggiore necessario ad un qualsiasi mantenimento, al fine di ripristinare quanto prima un equilibrio.<\/h3>\n<p>Pu\u00f2 anche succedere che i tessuti siano stati danneggiati a tal punto che risulta impossibile riparare il danno: fu il caso di topi di laboratorio che, privati di riboflavina, riportarono dei danni talmente gravi alla cornea dell\u2019occhio, che fu impossibile recuperarne la funzionalit\u00e0.<\/p>\n<p>Ovviamente , sostiene il dr. Biskind, <strong>non esiste un quantitativo standard per tutti<\/strong>.<\/p>\n<h3>Ognuno ha il suo fabbisogno a seconda dello stile di vita, della dieta seguita, dell\u2019anamnesi personale e a seconda dell\u2019 esposizione ai tossici ambientali.<\/h3>\n<p>Tutti fattori che devono essere indagati sia dal medico che da qualunque terapista. E&#8217; essenziale, afferma Biskind, interrogare con molta accuratezza l\u2019 assistito circa il suo stile di vita qualora si voglia programmare una cura dietetica che faccia al caso suo.<\/p>\n<p>La prossima volta che leggerete su un giornale o che sentirete in TV che siamo tutti \u201c<em>ben nutriti<\/em>\u201d e che non c\u2019\u00e8 bisogno di diete speciali o di <strong>supplementi vitaminici<\/strong>, chiedetevi: \u201cc<em>hi di noi \u00e8 ben nutrito? Chi di noi sta veramente bene al 100%? Ci\u00f2 non dipende forse dalle esigenze individuali,<\/em>\u00a0<em>dall&#8217;equilibrio della dieta secondo il proprio fabbisogno, dalla provenienza degli alimenti, da quali farmaci si stanno prendendo e a quali e quanti agenti chimici siamo esposti?<\/em>\u201d\u00a0Tutti questi punti devono essere considerati, tenendo presente l\u2019unicit\u00e0 degli individui. Solo se questi segue una dieta accuratamente programmata per affrontare ciascuno degli stress nutrizionali, emotivi da lui subiti, allora si potr\u00e0 dire che, si, \u201c quella data persona\u201d \u00e8 ben nutrita!<\/p>\n<hr \/>\n<h3>VUOI COMINCIARE A PREVENIRE E CURARE LE MALATTIE IN MODO NATURALE CON VITAMINE E FITONUTRIENTI?<\/h3>\n<div class=\"frm_forms  with_frm_style frm_style_formidable-style\" id=\"frm_form_2_container\" >\n<form enctype=\"multipart\/form-data\" method=\"post\" class=\"frm-show-form \" id=\"form_mn9277\"  >\n<div class=\"frm_form_fields \">\n<fieldset>\n<h3>Richiedimi una consulenza gratuita<\/h3>\r\n<div class=\"frm_description\"><p>Una prima visita \u00e8 fondamentale per cominciare a delineare i trattamenti pi\u00f9 giusti per te. In questo modo, inoltre, comincerai a conoscermi senza impegno. Richiedi un appuntamento per una consulenza gratuita compilando questa form. <\/p>\n<\/div><div class=\"frm_fields_container\">\n<input type=\"hidden\" name=\"frm_action\" value=\"create\" \/>\n<input type=\"hidden\" name=\"form_id\" value=\"2\" \/>\n<input type=\"hidden\" name=\"frm_hide_fields_2\" id=\"frm_hide_fields_2\" value=\"\" \/>\n<input type=\"hidden\" name=\"form_key\" value=\"mn9277\" \/>\n<input type=\"hidden\" name=\"item_meta[0]\" value=\"\" \/>\n<input type=\"hidden\" id=\"frm_submit_entry_2\" name=\"frm_submit_entry_2\" value=\"ba69742985\" \/><input type=\"hidden\" name=\"_wp_http_referer\" value=\"\/index.php?rest_route=%2Fwp%2Fv2%2Fposts%2F346\" \/><div id=\"frm_field_9_container\" class=\"frm_form_field form-field  frm_required_field frm_top_container\">\r\n    <label class=\"frm_primary_label\">Nome e Cognome\r\n        <span class=\"frm_required\">*<\/span>\r\n    <\/label>\r\n    <input type=\"text\" id=\"field_nomeeocognome\" name=\"item_meta[9]\" value=\"\"  data-reqmsg=\"Il campo \u00e8 obbligatorio\" aria-required=\"true\" data-invmsg=\"Nome e Cognome non \u00e8 valido\" aria-invalid=\"false\"  \/>\r\n    \r\n    \r\n<\/div>\n<div id=\"frm_field_11_container\" class=\"frm_form_field form-field  frm_required_field frm_top_container\">\r\n    <label class=\"frm_primary_label\">E-mail\r\n        <span class=\"frm_required\">*<\/span>\r\n    <\/label>\r\n    <input type=\"text\" id=\"field_e-mail\" name=\"item_meta[11]\" value=\"\"  data-reqmsg=\"Il campo \u00e8 obbligatorio\" aria-required=\"true\" data-invmsg=\"E-mail non \u00e8 valido\" aria-invalid=\"false\"  \/>\r\n    \r\n    \r\n<\/div>\n<div id=\"frm_field_28_container\" class=\"frm_form_field form-field  frm_required_field frm_top_container\">\r\n    <label for=\"field_citt\" class=\"frm_primary_label\">Citt\u00e0\r\n        <span class=\"frm_required\"><\/span>\r\n    <\/label>\r\n    <input type=\"text\" id=\"field_citt\" name=\"item_meta[28]\" value=\"\"  data-reqmsg=\"Questo campo non pu\u00f2 essere vuoto.\" aria-required=\"true\" data-invmsg=\"Citt\u00e0 non \u00e8 valido\" aria-invalid=\"false\"  \/>\r\n    \r\n    \r\n<\/div>\n<div id=\"frm_field_12_container\" class=\"frm_form_field form-field  frm_top_container\">\r\n    <label class=\"frm_primary_label\">Messaggio\r\n        <span class=\"frm_required\"><\/span>\r\n    <\/label>\r\n    <textarea name=\"item_meta[12]\" id=\"field_messaggio\" rows=\"5\"  data-invmsg=\"Messaggio non \u00e8 valido\" aria-invalid=\"false\"  ><\/textarea>\r\n    \r\n    \r\n<\/div>\n<div id=\"frm_field_14_container\" class=\"frm_form_field form-field  frm_required_field frm_top_container vertical_radio\">\r\n    <label class=\"frm_primary_label\">Accetti le norme sulla privacy leggibili <a href=\"http:\/\/www.naturopatia-blog.it\/contatti\/privacy-naturopatia-blog\/\">qui<\/a>?\r\n        <span class=\"frm_required\">*<\/span>\r\n    <\/label>\r\n    \t\t<div class=\"frm_checkbox\" id=\"frm_checkbox_14-0\"><label for=\"field_accettilenormesullaprivacy-0\"><input type=\"checkbox\" name=\"item_meta[14][]\" id=\"field_accettilenormesullaprivacy-0\" value=\"Si\"  data-reqmsg=\"E&#039; necessario accettare le norme sulla privacy\" data-invmsg=\"Accetti le norme sulla privacy leggibili &lt;a href=&quot;http:\/\/www.naturopatia-blog.it\/contatti\/privacy-naturopatia-blog\/&quot;&gt;qui&lt;\/a&gt;? non \u00e8 valido\" aria-invalid=\"false\"   \/> Si<\/label><\/div>\n\r\n    \r\n    \r\n<\/div>\n<input type=\"hidden\" name=\"item_key\" value=\"\" \/>\n\t<div class=\"frm_submit\">\r\n\r\n<button class=\"frm_button_submit\" type=\"submit\"  >Invia richiesta<\/button>\r\n\r\n<\/div><div class=\"frm_verify\" aria-hidden=\"true\">\n\t<label for=\"frm_verify_2\">\n\t\tIf you are human, leave this field blank.\t<\/label>\n\t<input type=\"text\" class=\"frm_verify\" id=\"frm_verify_2\" name=\"frm_verify\" value=\"\"  \/>\n<\/div>\n<\/div>\n<\/fieldset>\n<\/div>\n<\/form>\n<\/div>\n\n<p>&nbsp;<\/p>\n","protected":false},"excerpt":{"rendered":"<p>Ecco perch\u00e9, nonostante una dieta equilibrata, oggi la carenza di vitamine sono all&#8217;ordine del giorno e dobbiamo assumere integratori vitaminici Nella grande disinformazione oggi esistente circa il cibo e l\u2019alimentazione in generale, c\u2019\u00e8 sicuramente un punto sicuro :\u201dil vitto occidentale<\/p>\n","protected":false},"author":1,"featured_media":0,"comment_status":"open","ping_status":"open","sticky":false,"template":"","format":"standard","meta":[],"categories":[3,5,7],"tags":[8,24,78,61],"_links":{"self":[{"href":"http:\/\/www.naturopatia-blog.it\/index.php?rest_route=\/wp\/v2\/posts\/346"}],"collection":[{"href":"http:\/\/www.naturopatia-blog.it\/index.php?rest_route=\/wp\/v2\/posts"}],"about":[{"href":"http:\/\/www.naturopatia-blog.it\/index.php?rest_route=\/wp\/v2\/types\/post"}],"author":[{"embeddable":true,"href":"http:\/\/www.naturopatia-blog.it\/index.php?rest_route=\/wp\/v2\/users\/1"}],"replies":[{"embeddable":true,"href":"http:\/\/www.naturopatia-blog.it\/index.php?rest_route=%2Fwp%2Fv2%2Fcomments&post=346"}],"version-history":[{"count":18,"href":"http:\/\/www.naturopatia-blog.it\/index.php?rest_route=\/wp\/v2\/posts\/346\/revisions"}],"predecessor-version":[{"id":2873,"href":"http:\/\/www.naturopatia-blog.it\/index.php?rest_route=\/wp\/v2\/posts\/346\/revisions\/2873"}],"wp:attachment":[{"href":"http:\/\/www.naturopatia-blog.it\/index.php?rest_route=%2Fwp%2Fv2%2Fmedia&parent=346"}],"wp:term":[{"taxonomy":"category","embeddable":true,"href":"http:\/\/www.naturopatia-blog.it\/index.php?rest_route=%2Fwp%2Fv2%2Fcategories&post=346"},{"taxonomy":"post_tag","embeddable":true,"href":"http:\/\/www.naturopatia-blog.it\/index.php?rest_route=%2Fwp%2Fv2%2Ftags&post=346"}],"curies":[{"name":"wp","href":"https:\/\/api.w.org\/{rel}","templated":true}]}}